{"id":640,"date":"2025-11-29T20:41:27","date_gmt":"2025-11-29T18:41:27","guid":{"rendered":"https:\/\/gsvh-fussball.de\/?p=640"},"modified":"2025-11-29T20:41:29","modified_gmt":"2025-11-29T18:41:29","slug":"bericht-zur-ausserordentlichen-mitgliederversammlung","status":"publish","type":"post","link":"https:\/\/gsvh-fussball.de\/?p=640","title":{"rendered":"Bericht zur au\u00dferordentlichen Mitgliederversammlung"},"content":{"rendered":"\n<p><strong>Vereins- &amp; Jugendkonzept GSV Hemmingen Abt. Fu\u00dfball<\/strong><\/p>\n\n\n\n<p>In der au\u00dferordentlichen Mitgliederversammlung am 24.11.2025 wurde vor 27 Mitgliedern durch die Abteilungsleitung der aktuelle Status des Vereins- und Jugendkonzept des GSV Hemmingen Abt. Fu\u00dfball vorgestellt.<\/p>\n\n\n\n<p><strong>Ziele und Notwendigkeit<\/strong><\/p>\n\n\n\n<p>Die im Sommer 2024 definierten Hauptziele der Fu\u00dfballabteilung sind:<\/p>\n\n\n\n<ul class=\"wp-block-list\">\n<li><strong>1. Aktive Mannschaft<\/strong> in der <strong>Kreisliga A<\/strong> im oberen Tabellendrittel.<\/li>\n\n\n\n<li>Eine <strong>stabile 2. Aktive Mannschaft<\/strong> als \u00dcbergang von der Jugend zu den Aktiven.<\/li>\n\n\n\n<li><strong>Besetzung aller Jugendmannschaften<\/strong> mit Hemmingern ohne Spielgemeinschaften<\/li>\n<\/ul>\n\n\n\n<p>Die Notwendigkeit des Konzepts ergibt sich aus erkannten Problemen, welche die Zielerreichung in der Vergangenheit verhinderten:<\/p>\n\n\n\n<ul class=\"wp-block-list\">\n<li>Beide aktive Teams spielen aktuell nur in der Kreisliga B, wodurch das notwendige <strong>&#8222;Zugpferd&#8220; <\/strong>fehlt.<\/li>\n\n\n\n<li><strong>Personelle Schw\u00e4che<\/strong> im Jugendbereich (besonders C- bis A-Jugend).<\/li>\n\n\n\n<li><strong>Fehlende sportliche Vorgaben<\/strong> im Jugendbereich (&#8222;Jeder macht wie er denkt.&#8220;).<\/li>\n\n\n\n<li><strong>Verbesserungsbed\u00fcrftige Willkommenskultur<\/strong> f\u00fcr neue Trainer.<\/li>\n\n\n\n<li><strong>Nicht optimale Zusammenarbeit<\/strong> zwischen Aktive\/Jugend\/AH.<\/li>\n<\/ul>\n\n\n\n<p>Das Fazit lautet: Ohne Ver\u00e4nderung droht dem Verein sp\u00e4testens in 5 Jahren eine SGM auch bei den Aktiven.<\/p>\n\n\n\n<p><strong>Zeitlicher Verlauf<\/strong><\/p>\n\n\n\n<p>Der Ver\u00e4nderungsprozess begann mit der Abstimmung neuer Ziele (3. Quartal 2024), der Vorstellung der Konzeptarbeit (1. Quartal 2025) und der Bildung eines Projektteams (2. Quartal 2025).<\/p>\n\n\n\n<p><strong>Erkenntnisse<\/strong><\/p>\n\n\n\n<p>Abfragen bei den Jugendtrainern ergaben, dass die Einf\u00fchrung des Konzepts als <strong>sehr gut und notwendig<\/strong> empfunden wird und alle mitwirken wollen. Wichtige Erkenntnisse waren auch der Bedarf an:<\/p>\n\n\n\n<ul class=\"wp-block-list\">\n<li>Mehr und sichtbare Unterst\u00fctzung durch die <strong>Abteilungsleitung<\/strong>.<\/li>\n\n\n\n<li>Verbesserung der <strong>Kommunikation<\/strong> und des <strong>Miteinanders<\/strong>.<\/li>\n\n\n\n<li>Definition <strong>gemeinsamer Werte<\/strong> und <strong>Konsequenzen<\/strong> bei Fehlverhalten.<\/li>\n<\/ul>\n\n\n\n<p><strong>N\u00e4chste Schritte (Ab 4. Quartal 2025\/1. Quartal 2026)<\/strong><\/p>\n\n\n\n<ul class=\"wp-block-list\">\n<li>Entwicklung der <strong>Organigramme<\/strong> und <strong>Verantwortlichkeiten<\/strong>.<\/li>\n\n\n\n<li>Erarbeitung und Etablierung neuer <strong>&#8222;Standards&#8220;<\/strong>.<\/li>\n\n\n\n<li>Durchf\u00fchrung eines <strong>Werteworkshops<\/strong> mit allen Trainern und der Abteilungsleitung (Start Januar 2026).<\/li>\n\n\n\n<li>Lehrg\u00e4nge: <strong>DFB-Kindertrainerzertifikat<\/strong> in Hemmingen, <strong>WFV-Lehrgang<\/strong> f\u00fcr Jugendleitung.<\/li>\n\n\n\n<li>Erarbeitung der <strong>sportlichen Ausrichtung<\/strong> mit Fokus auf &#8222;qualifizierte&#8220; Trainer und <strong>ausbildungsorientiertes<\/strong> Training nach WFV\/DFB-Vorgaben.<\/li>\n<\/ul>\n\n\n\n<p><strong>Sportliche Ausrichtung &#8211; Fu\u00dfballphilosophie Jugend<\/strong><\/p>\n\n\n\n<p>Die sportliche Ausrichtung soll sich auf die <strong>individuelle Entwicklung<\/strong> der Kinder konzentrieren (<strong>Ausbildungs- statt Leistungsorientierung<\/strong>). Die Prinzipien sind:<\/p>\n\n\n\n<ul class=\"wp-block-list\">\n<li><strong>Individuelle Entwicklung<\/strong> steht vor Teamerfolg.<\/li>\n\n\n\n<li><strong>Spielerlebnis<\/strong> vor Ergebnisdruck.<\/li>\n\n\n\n<li>Arbeit in <strong>kleinen Trainingsgruppen<\/strong> f\u00fcr mehr Ballkontakte.<\/li>\n\n\n\n<li>St\u00e4rkung der <strong>Identifikation<\/strong> mit dem GSV.<\/li>\n<\/ul>\n\n\n\n<p>Die vollst\u00e4ndige Pr\u00e4sentation k\u00f6nnen Sie hier anschauen. Bitte beachten, dass diese nur einen aktuellen Zwischenstand darstellt.<\/p>\n\n\n\n<div data-wp-interactive=\"core\/file\" class=\"wp-block-file\"><object data-wp-bind--hidden=\"!state.hasPdfPreview\" hidden class=\"wp-block-file__embed\" data=\"https:\/\/gsvh-fussball.de\/wp-content\/uploads\/2025\/11\/Vereins-und-Jugendkonzept_Fussball_2025.pdf\" type=\"application\/pdf\" style=\"width:100%;height:600px\" aria-label=\"Einbettung von Vereins- und Jugendkonzept_Fu\u00dfball_2025.\"><\/object><a id=\"wp-block-file--media-1cf28f55-8587-4d83-af06-7e9d0bd77bd8\" href=\"https:\/\/gsvh-fussball.de\/wp-content\/uploads\/2025\/11\/Vereins-und-Jugendkonzept_Fussball_2025.pdf\">Vereins- und Jugendkonzept_Fu\u00dfball_2025<\/a><a href=\"https:\/\/gsvh-fussball.de\/wp-content\/uploads\/2025\/11\/Vereins-und-Jugendkonzept_Fussball_2025.pdf\" class=\"wp-block-file__button wp-element-button\" download aria-describedby=\"wp-block-file--media-1cf28f55-8587-4d83-af06-7e9d0bd77bd8\">Herunterladen<\/a><\/div>\n\n\n\n<p><\/p>\n","protected":false},"excerpt":{"rendered":"<p>Vereins- &amp; Jugendkonzept GSV Hemmingen Abt. Fu\u00dfball In der au\u00dferordentlichen Mitgliederversammlung am 24.11.2025 wurde vor 27 Mitgliedern durch die Abteilungsleitung der aktuelle Status des Vereins- &hellip; <\/p>\n","protected":false},"author":1,"featured_media":0,"comment_status":"open","ping_status":"open","sticky":false,"template":"","format":"standard","meta":{"footnotes":""},"categories":[18],"tags":[],"class_list":["post-640","post","type-post","status-publish","format-standard","hentry","category-abteilungsleitung"],"_links":{"self":[{"href":"https:\/\/gsvh-fussball.de\/index.php?rest_route=\/wp\/v2\/posts\/640","targetHints":{"allow":["GET"]}}],"collection":[{"href":"https:\/\/gsvh-fussball.de\/index.php?rest_route=\/wp\/v2\/posts"}],"about":[{"href":"https:\/\/gsvh-fussball.de\/index.php?rest_route=\/wp\/v2\/types\/post"}],"author":[{"embeddable":true,"href":"https:\/\/gsvh-fussball.de\/index.php?rest_route=\/wp\/v2\/users\/1"}],"replies":[{"embeddable":true,"href":"https:\/\/gsvh-fussball.de\/index.php?rest_route=%2Fwp%2Fv2%2Fcomments&post=640"}],"version-history":[{"count":1,"href":"https:\/\/gsvh-fussball.de\/index.php?rest_route=\/wp\/v2\/posts\/640\/revisions"}],"predecessor-version":[{"id":642,"href":"https:\/\/gsvh-fussball.de\/index.php?rest_route=\/wp\/v2\/posts\/640\/revisions\/642"}],"wp:attachment":[{"href":"https:\/\/gsvh-fussball.de\/index.php?rest_route=%2Fwp%2Fv2%2Fmedia&parent=640"}],"wp:term":[{"taxonomy":"category","embeddable":true,"href":"https:\/\/gsvh-fussball.de\/index.php?rest_route=%2Fwp%2Fv2%2Fcategories&post=640"},{"taxonomy":"post_tag","embeddable":true,"href":"https:\/\/gsvh-fussball.de\/index.php?rest_route=%2Fwp%2Fv2%2Ftags&post=640"}],"curies":[{"name":"wp","href":"https:\/\/api.w.org\/{rel}","templated":true}]}}